{"id":6471,"date":"2022-07-27T07:00:19","date_gmt":"2022-07-27T11:00:19","guid":{"rendered":"https:\/\/cshfprd.wpenginepowered.com\/fr\/?p=6471"},"modified":"2022-07-22T13:08:14","modified_gmt":"2022-07-22T17:08:14","slug":"2022-inductions-sylvain-lelievre","status":"publish","type":"post","link":"https:\/\/www.cshf.ca\/fr\/2022-inductions-sylvain-lelievre\/","title":{"rendered":"Sylvain Leli\u00e8vre Intronis\u00e9 au Panth\u00e9on des auteurs et compositeurs canadiens"},"content":{"rendered":"<p><strong>Montr\u00e9al, juillet 2022<\/strong> \u2013 Le grand <strong>Sylvain Leli\u00e8vre<\/strong> sera intronis\u00e9 par Daniel Lavoie au <strong>Panth\u00e9on des auteurs et compositeurs canadiens<\/strong> le 7 ao\u00fbt prochain dans le cadre du spectacle \u00ab <a href=\"https:\/\/placedesarts.com\/fr\/evenement\/qu%E2%80%99est-ce-qu%E2%80%99-fait-de-nos-r%C3%AAves-hommage-%C3%A0-sylvain-leli%C3%A8vre\">Qu\u2019est-ce qu\u2019on a fait de nos r\u00eaves\u2026.hommage \u00e0 Sylvain Leli\u00e8vre<\/a> \u00bb qui aura lieu au Th\u00e9\u00e2tre Jean Duceppe de la Place-des-arts.<\/p>\n<p>Sylvain Leli\u00e8vre est n\u00e9 \u00e0 Limoilou en 1943, dans cette basse-ville de Qu\u00e9bec dont il d\u00e9crira plus tard le quotidien \u00e0 travers ses mots. Fascin\u00e9 d\u00e8s son plus jeune \u00e2ge par les arts plastiques, il s\u2019inscrit d\u2019abord \u00e0 l\u2019\u00c9cole d\u2019architecture (1961-63), mais il change de champ d\u2019\u00e9tude et choisit plut\u00f4t les Lettres \u00e0 l\u2019Universit\u00e9 Laval, o\u00f9 il obtiendra un baccalaur\u00e9at en 1966. Sa tante Lucette, une pianiste, lui donne ses premiers cours de piano. Autodidacte, il apprendra le r\u00e9pertoire classique\u00a0: Chopin, Mozart, Beethoven, etc. Son v\u00e9ritable enthousiasme pour la musique est d\u00e9clench\u00e9 par le visionnement du film <em>The Eddy Duchin Story<\/em> \u00e0 l\u2019\u00e2ge de 13 ans, une reconstitution de la vie du pianiste am\u00e9ricain\u00a0; d\u00e8s ce moment, le piano sera au centre de son existence.<\/p>\n<p>\u00c0 20 ans, en 1963, Leli\u00e8vre remporte le premier prix du Concours international de Chanson sur mesure de la Communaut\u00e9 radiophonique des programmes de langue fran\u00e7aise avec <em>Les amours anciennes<\/em>, qui sera interpr\u00e9t\u00e9e par la grande Monique Leyrac. Durant les cinq ann\u00e9es suivantes, il \u00e9tudiera en lettres, donnera des cours de litt\u00e9rature, \u00e9crira des chansons, du th\u00e9\u00e2tre ainsi que de la po\u00e9sie pour la radio, notamment \u00e0 l\u2019\u00e9mission hebdomadaire de Radio-Canada Qu\u00e9bec, <em>Porte Saint-Louis<\/em>, anim\u00e9e par son p\u00e8re Roland. D\u00e8s le milieu des ann\u00e9es 1960, Leli\u00e8vre se produit dans les bo\u00eetes \u00e0 chansons de Qu\u00e9bec et y rencontre ses amis Gilles Vigneault, Vic Angelillo, Clairette, Danielle Oddera, ainsi que Frank Furtado, son futur impresario.<\/p>\n<p>En 1968, il s\u2019\u00e9tablit \u00e0 Montr\u00e9al, devient professeur de litt\u00e9rature au Coll\u00e8ge de Maisonneuve et y cr\u00e9e le premier cours de chanson au Qu\u00e9bec. Il publie ensuite deux recueils de po\u00e9sie aux \u00c9ditions de l\u2019Arc\u00a0: <em>Les trottoirs discontinus<\/em>, en 1969, et <em>Les sept portes<\/em>, en 1972. En 1975, il triomphe devant une foule de 12 000 spectateurs au Festival de la Chant\u2019Ao\u00fbt \u00e0 Qu\u00e9bec. Cette m\u00eame ann\u00e9e, il lance un 33-tours dont la chanson titre, <em>Petit matin<\/em>, monte dans les palmar\u00e8s; <em>Marie-H\u00e9l\u00e8ne <\/em>(1976), <em>Lettre de Toronto <\/em>(1978), <em>Moman est l\u00e0 <\/em>(1979) et <em>Venir au monde<\/em> (1981), pour ne citer que celles-l\u00e0, confirment ensuite son immense talent d\u2019auteur-compositeur-interpr\u00e8te. Il devient d\u2019ailleurs le premier r\u00e9cipiendaire de la M\u00e9daille Jacques Blanchet en 1983, dont le jury souligne \u00ab\u00a0sa persistance dans la qualit\u00e9\u00a0\u00bb.<\/p>\n<p>En d\u00e9cembre 1984, accompagn\u00e9 de l\u2019harmoniciste Alain Lamontagne, Leli\u00e8vre fait belle figure sur les planches du Th\u00e9\u00e2tre de la Ville \u00e0 Paris. Il lance l\u2019album <em>Lignes de c\u0153ur<\/em> en 1986, dont deux pi\u00e8ces se retrouveront dans les palmar\u00e8s qu\u00e9b\u00e9cois. Cette ann\u00e9e marque \u00e9galement le d\u00e9but de sa pr\u00e9cieuse collaboration avec Daniel Lavoie, s\u2019incarnant sur l\u2019album <em>Vue sur la mer <\/em>avec les pi\u00e8ces <em>Je voudrais voir New York<\/em> et <em>Que cherche-t-elle?<\/em> qu\u2019ils composent avec Thierry S\u00e9chan. \u00c0 la fin de cette d\u00e9cennie, Leli\u00e8vre lance avec <em>Un aller simple<\/em> un bouquet de chansons \u00e0 port\u00e9e sociale, politique et environnementale.<\/p>\n<p>En plus de s\u2019engager dans la d\u00e9fense et la promotion du droit d\u2019auteur, Leli\u00e8vre signe en 1993 la musique de la s\u00e9rie radiophonique <em>Un fleuve et des gens<\/em> et les paroles de la chanson titre du film <em>Les mots perdus<\/em> de Marcel Simard. En 1994 sort un important disque enregistr\u00e9 devant public, <em>Qu\u2019est-ce qu\u2019on a fait de nos r\u00eaves?<\/em>, qui pr\u00e9sage l\u2019engouement de Leli\u00e8vre pour le jazz, lui qui appara\u00eet dans un trio acoustique avec ses complices Vic Angelillo (basse, contrebasse) et G\u00e9rard Masse (percussions). L\u2019album remportera le F\u00e9lix du meilleur auteur-compositeur. En 1996, il ajoute une nouvelle corde \u00e0 son arc en publiant le roman <em>Le troisi\u00e8me orchestre<\/em> aux \u00c9ditions Qu\u00e9bec Am\u00e9rique, qui rallie succ\u00e8s critique et public. En 1998, Leli\u00e8vre revient sur disque avec un album \u00e0 tendance r\u00e9solument jazz, <em>Les choses inutiles<\/em>, acclam\u00e9 unanimement par la critique, et qui fera l\u2019objet d\u2019une grande tourn\u00e9e incluant une rentr\u00e9e montr\u00e9alaise au Th\u00e9\u00e2tre Corona.<\/p>\n<p>Le 1<sup>er<\/sup> juillet 2000, Leli\u00e8vre pr\u00e9sente un spectacle en sextette au Festival international de jazz de Montr\u00e9al comprenant des chansons, des pi\u00e8ces instrumentales et des standards de jazz qu\u2019il affectionne. L\u2019accueil du public et de la critique est dithyrambique, ce qui l\u2019incite \u00e0 se tourner davantage vers le jazz. C\u2019est ainsi que prend forme son dernier spectacle, <em>Versant Jazz<\/em>, qui \u00e0 son tour donne naissance au disque <em>Versant Jazz live au Lion d\u2019Or<\/em>, son douzi\u00e8me en carri\u00e8re, qui para\u00eet en f\u00e9vrier 2002 et qui gagnera le F\u00e9lix de l\u2019album jazz de l\u2019ann\u00e9e.<\/p>\n<p>Deux mois plus tard, le 28 avril 2002, Sylvain Leli\u00e8vre est victime d\u2019un malaise dans un avion qui le ram\u00e8ne des \u00celes-de-la-Madeleine \u00e0 Montr\u00e9al. Il s\u2019\u00e9teint deux jours plus tard \u00e0 l\u2019\u00e2ge de 59 ans, des suites d\u2019une embolie c\u00e9r\u00e9brale gazeuse s\u00e9v\u00e8re. Depuis sa disparition, il est l\u2019objet de nombreuses comm\u00e9morations\u00a0: un parc de Qu\u00e9bec, une aire de jeux \u00e0 Mirabel, deux salles de spectacle (au C\u00e9gep Limoilou et au <a href=\"https:\/\/www.cmaisonneuve.qc.ca\/location-de-salle\/salle-sylvain-lelievre\/\">Coll\u00e8ge de Maisonneuve<\/a>) et trois rues (Repentigny, Vaudreuil-Dorion et Rimouski) portent son nom. De plus, en 2015, le Panth\u00e9on des auteurs et compositeurs canadiens a annonc\u00e9 l\u2019intronisation de son d\u00e9sormais classique <em>Marie-H\u00e9l\u00e8ne<\/em>.<\/p>\n<p>Dans une entrevue diffus\u00e9e en septembre 1998 \u00e0 Radio-Canada, Leli\u00e8vre affirmait que les activit\u00e9s artistiques, comme celle d\u2019\u00e9crire une chanson, ne servaient \u00e0 rien\u00a0: \u00ab L\u2019art ne sert qu\u2019\u00e0 cr\u00e9er de la joie et du bonheur; en ce sens, c\u2019est aussi inutile que des jeux d\u2019enfants\u2026 \u00bb; or, dans son hommage publi\u00e9 quelques jours apr\u00e8s son d\u00e9c\u00e8s, le magazine <em>Voir <\/em>contredit pourtant l\u2019artiste tout-\u00e0-tout\u00a0: \u00abSylvain fait partie de ces artistes trop peu nombreux qui font de la chanson un art majeur et important, une forme vivante et accessible de la po\u00e9sie \u00bb.<\/p>\n<p>Contact m\u00e9dia, demandes d\u2019entrevues\u00a0: SIX media marketing Inc. (pour le PACC)<br \/>\n<a href=\"mailto:simon@sixmedia.ca\">simon@sixmedia.ca<\/a><br \/>\nSource\u00a0: Panth\u00e9on des auteurs-compositeurs canadiens<br \/>\nTexte: Fran\u00e7ois Couture<br \/>\nInfo\u00a0: Simon Fauteux<br \/>\nClip : <a href=\"https:\/\/www.youtube.com\/watch?v=QGwbQ-OOWow&#038;ab_channel=%C3%89ricLeli%C3%A8vre\">https:\/\/www.youtube.com\/watch?v=QGwbQ-OOWow&#038;ab_channel=%C3%89ricLeli%C3%A8vre<\/a><br \/>\nFacebook\u00a0:\u00a0<a href=\"https:\/\/www.facebook.com\/PACCmusique\/\">https:\/\/www.facebook.com\/PACCmusique\/<\/a><br \/>\nWeb: <a href=\"https:\/\/cshfprd.wpenginepowered.com\/\">https:\/\/cshfprd.wpenginepowered.com\/<\/a><\/p>\n<p>&nbsp;<\/p>\n","protected":false},"excerpt":{"rendered":"<p>Montr\u00e9al, juillet 2022 \u2013 Le grand Sylvain Leli\u00e8vre sera intronis\u00e9 par Daniel Lavoie au Panth\u00e9on des auteurs et compositeurs canadiens le 7 ao\u00fbt prochain dans le cadre du spectacle \u00ab Qu\u2019est-ce qu\u2019on a fait de nos r\u00eaves\u2026.hommage \u00e0 Sylvain Leli\u00e8vre \u00bb qui aura lieu au Th\u00e9\u00e2tre Jean Duceppe de la Place-des-arts. Sylvain Leli\u00e8vre est n\u00e9 [&hellip;]<\/p>\n","protected":false},"author":11,"featured_media":6476,"comment_status":"open","ping_status":"open","sticky":false,"template":"","format":"standard","meta":{"_acf_changed":false,"inline_featured_image":false,"footnotes":""},"categories":[1],"tags":[],"class_list":["post-6471","post","type-post","status-publish","format-standard","has-post-thumbnail","hentry","category-media-releases"],"acf":[],"_links":{"self":[{"href":"https:\/\/www.cshf.ca\/fr\/wp-json\/wp\/v2\/posts\/6471","targetHints":{"allow":["GET"]}}],"collection":[{"href":"https:\/\/www.cshf.ca\/fr\/wp-json\/wp\/v2\/posts"}],"about":[{"href":"https:\/\/www.cshf.ca\/fr\/wp-json\/wp\/v2\/types\/post"}],"author":[{"embeddable":true,"href":"https:\/\/www.cshf.ca\/fr\/wp-json\/wp\/v2\/users\/11"}],"replies":[{"embeddable":true,"href":"https:\/\/www.cshf.ca\/fr\/wp-json\/wp\/v2\/comments?post=6471"}],"version-history":[{"count":0,"href":"https:\/\/www.cshf.ca\/fr\/wp-json\/wp\/v2\/posts\/6471\/revisions"}],"wp:featuredmedia":[{"embeddable":true,"href":"https:\/\/www.cshf.ca\/fr\/wp-json\/wp\/v2\/media\/6476"}],"wp:attachment":[{"href":"https:\/\/www.cshf.ca\/fr\/wp-json\/wp\/v2\/media?parent=6471"}],"wp:term":[{"taxonomy":"category","embeddable":true,"href":"https:\/\/www.cshf.ca\/fr\/wp-json\/wp\/v2\/categories?post=6471"},{"taxonomy":"post_tag","embeddable":true,"href":"https:\/\/www.cshf.ca\/fr\/wp-json\/wp\/v2\/tags?post=6471"}],"curies":[{"name":"wp","href":"https:\/\/api.w.org\/{rel}","templated":true}]}}