{"id":6927,"date":"2023-05-01T07:00:47","date_gmt":"2023-05-01T11:00:47","guid":{"rendered":"https:\/\/cshfprd.wpenginepowered.com\/fr\/?p=6927"},"modified":"2023-05-01T14:34:47","modified_gmt":"2023-05-01T18:34:47","slug":"2023-inductions-paul-piche","status":"publish","type":"post","link":"https:\/\/www.cshf.ca\/fr\/2023-inductions-paul-piche\/","title":{"rendered":"Paul Pich\u00e9 intronis\u00e9 au Panth\u00e9on des auteurs et compositeurs canadiens lors du Gala SOCAN le 7 mai \u00e0 la Tohu"},"content":{"rendered":"<p><strong>Montr\u00e9al, avril 2023<\/strong> \u2013 Le grand <strong>Paul Pich\u00e9<\/strong> sera intronis\u00e9 au <strong>Panth\u00e9on des auteurs et compositeurs canadiens<\/strong> le 7 mai prochain lors du gala de la SOCAN qui aura lieu la Tohu. Il s&rsquo;impose comme l&rsquo;un des auteurs-compositeurs les plus importants de la sce\u0300ne musicale que\u0301be\u0301coise. Libre penseur, po\u00e8te et porte-\u00e9tendard du folk contestataire, il chante autant l\u2019amour que les th\u00e8mes sociaux qui lui tiennent \u00e0 c\u0153ur.<\/p>\n<p>L\u2019intronisation sera faite par Julie Snyder et Pierre Kwenders, Ingrid St-Pierre et St\u00e9phanie St-Jean seront en performance lors de la soir\u00e9e.<\/p>\n<p><strong>Paul Pich\u00e9<\/strong> laisse dans notre patrimoine musical canadien une imposante collection de chansons, dont plusieurs classiques \u2014 <em>Heureux d\u2019un printemps<\/em>, <em>Mon Joe<\/em>, <em>Y\u2019a pas grand-chose dans l\u2019ciel \u00e0 soir<\/em>, <em>L\u2019escalier<\/em>, <em>J\u2019aurai jamais 18 ans<\/em>, <em>J\u2019appelle<\/em>, <em>Car je t\u2019aime<\/em>, <em>Ne fais pas \u00e7a\u2026 <\/em>\u2014 qui sont autant chant\u00e9s en ch\u0153ur autour d\u2019un feu de camp que repris par de nombreux jeunes artistes.<\/p>\n<p>Sorti en 1977, son premier album, <em>\u00c0 qui appartient le beau temps? <\/em>se vend a\u0300 plus de 100 000 exemplaires et est consid\u00e9r\u00e9 comme l\u2019un des disques-cle\u0301s de la de\u0301cennie 1970. Des poids lourds tels Serge Fiori, Alain Lamontagne, Pauline Lapointe et plusieurs membres de Beau Dommage participent \u00e0 sa cr\u00e9ation. Ses deux disques suivants, <em>L&rsquo;escalier <\/em>et <em>Nouvelles d&rsquo;Europe<\/em>, remportent un vaste succe\u0300s populaire; dans leur foule\u0301e, Piche\u0301 lance un album double enregistre\u0301 en spectacle au Spectrum de Montre\u0301al, <em>Inte\u0301gral<\/em>, dans lequel il revisite l&rsquo;ensemble de son \u0153uvre.<\/p>\n<p>En novembre 1988, il revient \u00e0\u0300 la charge avec <em>Sur le chemin des incendies<\/em>, qui contient les inoubliables <em>J&rsquo;appelle<\/em>, <em>Un ch\u00e2teau de sable<\/em> et <em>Car je t&rsquo;aime<\/em>. Au printemps suivant, il foule l&rsquo;une apre\u0300s l&rsquo;autre les cinq sce\u0300nes les plus importantes de la m\u00e9tropole dans le cadre de la Tourne\u0301e de Montre\u0301al : le Club Soda, le Spectrum, le The\u0301a\u0302tre Saint-Denis, le The\u0301a\u0302tre Outremont et la salle Wilfrid-Pelletier de la Place des Arts. Deux ans plus tard, en plus de conclure sa tourne\u0301e de spectacles par un enregistrement diffuse\u0301 dans le cadre des <em>Beaux dimanches<\/em> a\u0300 Radio-Canada, Pich\u00e9 participe aux festivite\u0301s de la Saint-Jean-Baptiste sur les Plaines d&rsquo;Abraham et a\u0300 l&rsquo;i\u0302le Sainte-He\u0301le\u0300ne, devant plus de 200 000 personnes. \u00a0\u00c0 l&rsquo;automne 1993 est lance\u0301 <em>L&rsquo;Instant<\/em>, un disque intime et mature porte\u0301 par l&rsquo;amour, et sur lequel les gens de son pays ne sont pas en reste. Puis, en ao\u00fbt 1994, il participe a\u0300 l&rsquo;e\u0301ve\u0301nement spe\u0301cial <em>La Symphonie du Que\u0301bec<\/em>, pre\u0301sente\u0301 dans le cadre des FrancoFolies de Montre\u0301al, y interpre\u0301tant quelques chansons accompagne\u0301 d&rsquo;un orchestre symphonique.<\/p>\n<p>En juin 1996, Pich\u00e9 lance l\u2019album double r\u00e9trospective <em>L\u2019un et l\u2019autre<\/em>, qui est certifi\u00e9 disque platine; puis, le neuvi\u00e8me jour du neuvi\u00e8me mois de l\u2019an 1999, il sort un neuvi\u00e8me album intitule\u0301 <em>Le Voyage<\/em>, qui contient neuf chansons.<\/p>\n<p>Le printemps 2000 est marque\u0301 par le grand retour sur sce\u0300ne de Paul Piche\u0301\u00a0: accompagne\u0301 du guitariste Rick Haworth, du bassiste Mario Le\u0301gare\u0301, de Jean-Se\u0301bastien Fournier aux claviers et de Pierre He\u0301bert a\u0300 la batterie, il tourne dans une dizaine de villes du Que\u0301bec avant de prendre d\u2019assaut le Spectrum de Montre\u0301al et le Capitole de Que\u0301bec.<\/p>\n<p>A\u0300 l\u2019e\u0301te\u0301 2002, il parcourt 550 km a\u0300 ve\u0301lo afin de remettre une lettre au premier ministre du Qu\u00e9bec, Bernard Landry, qu\u2019il r\u00e9ussit \u00e0 convaincre de ne pas construire de minicentrales hydroe\u0301lectriques sur les rivie\u0300res que\u0301be\u0301coises. Paul Piche\u0301 se fait e\u0301galement porte-parole de l\u2019ope\u0301ration Adoptez une rivie\u0300re en plus de ce\u0301le\u0301brer l\u2019Anne\u0301e internationale de l\u2019eau avec <em>J\u2019ai trouv\u00e9\u0301 l\u2019eau si belle<\/em>, un spectacle engage\u0301, pre\u0301sente\u0301 en avril 2003 au Me\u0301tropolis de Montre\u0301al, en compagnie de Luck Mervil, Richard Desjardins et Daniel Boucher.<\/p>\n<p>A\u0300 l\u2019automne 2004 est lance\u0301 un disque audacieux, <em>Paluche 3.14<\/em>, sur lequel diverses ce\u0301le\u0301brite\u0301s de la sce\u0300ne e\u0301lectro-urbaine montre\u0301alaise r\u00e9inventent plusieurs grands classiques de <strong>Paul Piche\u0301<\/strong>.<\/p>\n<p><strong>Paul Piche\u0301<\/strong> publie un premier livre en novembre 2007, <em>De\u0301ja\u0300 vu. <\/em>\u00c0 partir d\u2019une observation autour de la r\u00e9currence des modes, il fait le parall\u00e8le avec celle des \u00e9lans politiques, qu\u2019ils soient de gauche ou de droite. Dans cet ouvrage, il entreprend de de\u0301fricher le sol de l&rsquo;inconscient collectif au travers le passage du temps.<\/p>\n<p>En 2009, Paul termine une s\u00e9rie de concerts intimes durant lesquels il interpr\u00e8te certaines des chansons qu\u2019il vient d\u2019\u00e9crire et consid\u00e8re endisquer. L\u2019amour, l\u2019amiti\u00e9, la mort et l\u2019engagement social sont au c\u0153ur de ces chansons qui figureront sur son dixi\u00e8me album, <em>Sur ce c\u00f4t\u00e9 de la Terre<\/em>, sorti le 1<sup>er<\/sup> d\u00e9cembre. Apr\u00e8s le lancement de cet album, qui constitue \u00e0 ce jour son dernier de chansons originales, il entreprend une tr\u00e8s longue tourn\u00e9e qui s\u2019\u00e9chelonne jusqu\u2019en 2015.<\/p>\n<p>Deux ans plus tard, il entreprend ce qu\u2019il appelle le C\u00e9l\u00e9bration des 40 printemps, afin de souligner le 40<sup>e<\/sup> anniversaire de la sortie de son premier disque, <em>\u00c0 qui appartient le beau temps?<\/em> Il donne de beaux grands spectacles au Centre Bell de Montr\u00e9al et au Centre Vid\u00e9otron de Qu\u00e9bec, en compagnie d\u2019artistes comme 2Fr\u00e8res, Safia Nolin, \u00c9ric Lapointe, Vincent Valli\u00e8res, Koriass et Les Trois Accords. La r\u00e9ponse du public est telle qu\u2019on lui demande de le tourner aux quatre coins du Qu\u00e9bec. Pich\u00e9 se produira sur sc\u00e8ne durant trois ans; \u00e0 chaque spectacle, il invite des artistes diff\u00e9rents \u00e0 jouer et \u00e0 chanter avec lui sur sc\u00e8ne. La toute derni\u00e8re repr\u00e9sentation de cette tourn\u00e9e est pr\u00e9vue \u00e0 la Place Bell de Laval, le 20 mai 2020, mais la pand\u00e9mie force son report. Cette derni\u00e8re aura finalement lieu le 20 mai 2022\u2026<\/p>\n<p><strong>\u00c0 PROPOS DU PANTH\u00c9ON DES AUTEURS ET COMPOSITEURS CANADIENS<\/strong><\/p>\n<p>2023 marquera le 25<sup>e<\/sup>\u00a0anniversaire du Panth\u00e9on des auteurs et compositeurs canadiens (PACC), un organisme national et sans but lucratif qui a pour mission d\u2019honorer et de c\u00e9l\u00e9brer les auteurs et compositeurs canadiens et ceux qui ont consacr\u00e9 leur vie \u00e0 l\u2019h\u00e9ritage de la musique. Le PACC s\u2019emploie \u00e9galement \u00e0 sensibiliser le public \u00e0 ces r\u00e9alisations et \u00e0 encourager la prochaine g\u00e9n\u00e9ration d\u2019auteurs et de compositeurs par le biais d\u2019initiatives et d\u2019\u00e9v\u00e9nements organis\u00e9s tout au long de l\u2019ann\u00e9e. En d\u00e9cembre 2011, la SOCAN (Soci\u00e9t\u00e9 canadienne des auteurs, compositeurs et \u00e9diteurs de musique) a acquis le PACC\u2009; toutefois, le Panth\u00e9on continue d\u2019\u00eatre g\u00e9r\u00e9 comme une organisation distincte et est dirig\u00e9 par son propre Conseil d\u2019administration compos\u00e9 de cr\u00e9ateurs et d\u2019\u00e9diteurs de musique anglophones et francophones, ainsi que de repr\u00e9sentants de l\u2019industrie du disque. Le mandat du PACC s\u2019aligne sur les objectifs de la SOCAN en tant qu\u2019organisation de cr\u00e9ateurs et d\u2019\u00e9diteurs fond\u00e9e sur ses membres. <a href=\"https:\/\/cshfprd.wpenginepowered.com\">www.cshf.ca <\/a><\/p>\n<p>Contact m\u00e9dia, demandes d\u2019entrevues\u00a0: SIX media marketing Inc. (pour le PACC)<\/p>\n<p><a href=\"mailto:simon@sixmedia.ca\">simon@sixmedia.ca<\/a><br \/>\nSource\u00a0: Panth\u00e9on des auteurs-compositeurs canadiens<br \/>\nInfo\u00a0: Simon Fauteux<br \/>\nTexte: Fran\u00e7ois Couture<br \/>\nClip\u00a0:\u00a0 <a href=\"https:\/\/www.youtube.com\/watch?v=8v04oWJiyhc\">https:\/\/www.youtube.com\/watch?v=8v04oWJiyhc<\/a><br \/>\nFacebook\u00a0:\u00a0<a href=\"https:\/\/www.facebook.com\/PACCmusique\/\">https:\/\/www.facebook.com\/PACCmusique\/<\/a><br \/>\nTwitter:\u00a0<a href=\"https:\/\/twitter.com\/canadiansongs\">https:\/\/twitter.com\/canadiansongs<\/a><br \/>\nWeb:\u00a0<a href=\"https:\/\/cshfprd.wpenginepowered.com\/\">https:\/\/cshfprd.wpenginepowered.com\/<\/a><\/p>\n","protected":false},"excerpt":{"rendered":"<p>Montr\u00e9al, avril 2023 \u2013 Le grand Paul Pich\u00e9 sera intronis\u00e9 au Panth\u00e9on des auteurs et compositeurs canadiens le 7 mai prochain lors du gala de la SOCAN qui aura lieu la Tohu. Il s&rsquo;impose comme l&rsquo;un des auteurs-compositeurs les plus importants de la sce\u0300ne musicale que\u0301be\u0301coise. Libre penseur, po\u00e8te et porte-\u00e9tendard du folk contestataire, il [&hellip;]<\/p>\n","protected":false},"author":11,"featured_media":6932,"comment_status":"open","ping_status":"open","sticky":false,"template":"","format":"standard","meta":{"_acf_changed":false,"inline_featured_image":false,"footnotes":""},"categories":[1],"tags":[],"class_list":["post-6927","post","type-post","status-publish","format-standard","has-post-thumbnail","hentry","category-media-releases"],"acf":[],"_links":{"self":[{"href":"https:\/\/www.cshf.ca\/fr\/wp-json\/wp\/v2\/posts\/6927","targetHints":{"allow":["GET"]}}],"collection":[{"href":"https:\/\/www.cshf.ca\/fr\/wp-json\/wp\/v2\/posts"}],"about":[{"href":"https:\/\/www.cshf.ca\/fr\/wp-json\/wp\/v2\/types\/post"}],"author":[{"embeddable":true,"href":"https:\/\/www.cshf.ca\/fr\/wp-json\/wp\/v2\/users\/11"}],"replies":[{"embeddable":true,"href":"https:\/\/www.cshf.ca\/fr\/wp-json\/wp\/v2\/comments?post=6927"}],"version-history":[{"count":0,"href":"https:\/\/www.cshf.ca\/fr\/wp-json\/wp\/v2\/posts\/6927\/revisions"}],"wp:featuredmedia":[{"embeddable":true,"href":"https:\/\/www.cshf.ca\/fr\/wp-json\/wp\/v2\/media\/6932"}],"wp:attachment":[{"href":"https:\/\/www.cshf.ca\/fr\/wp-json\/wp\/v2\/media?parent=6927"}],"wp:term":[{"taxonomy":"category","embeddable":true,"href":"https:\/\/www.cshf.ca\/fr\/wp-json\/wp\/v2\/categories?post=6927"},{"taxonomy":"post_tag","embeddable":true,"href":"https:\/\/www.cshf.ca\/fr\/wp-json\/wp\/v2\/tags?post=6927"}],"curies":[{"name":"wp","href":"https:\/\/api.w.org\/{rel}","templated":true}]}}