{"id":7789,"date":"2025-08-26T06:00:06","date_gmt":"2025-08-26T10:00:06","guid":{"rendered":"https:\/\/www.cshf.ca\/?p=7789"},"modified":"2025-08-28T09:56:44","modified_gmt":"2025-08-28T13:56:44","slug":"cshf-announces-2025-legends-events-in-toronto-and-montreal","status":"publish","type":"post","link":"https:\/\/www.cshf.ca\/fr\/cshf-announces-2025-legends-events-in-toronto-and-montreal\/","title":{"rendered":"Le Panth\u00e9on des auteurs et compositeurs canadiens annonce les \u00e9v\u00e9nements L\u00e9gendes 2025 \u00e0 Toronto et \u00e0 Montr\u00e9al"},"content":{"rendered":"<p>Intronis\u00e9s 2025 \/ Toronto\u00a0:\u00a0<strong>Andy Kim, Ian Thomas, Triumph, Jane Siberry et Gino Vannelli<\/strong><br \/>\nIntronis\u00e9s 2025 \/ Montr\u00e9al\u00a0:\u00a0<strong>Kate &#038; Anna McGarrigle, Fran\u00e7ois Cousineau, Michel Pagliaro et Florent Vollant<\/strong><\/p>\n<p><strong>Legends Toronto<\/strong><br \/>\n17 octobre \/ 20h00<br \/>\nLyric Theatre, Meridian Arts Centre<br \/>\n5040 Yonge Street<\/p>\n<p><strong>L\u00e9gendes Montr\u00e9al<br \/>\n<\/strong>17 novembre \/ 20h00<br \/>\nStudio Cabaret, Espace St-Denis<br \/>\n1594 Saint-Denis<\/p>\n<p><strong>Montr\u00e9al, 26 ao\u00fbt 2025\u00a0<\/strong>\u2014<strong>\u00a0Le Panth\u00e9on des auteurs-compositeurs canadiens (PACC)\u00a0<\/strong>est fier d\u2019annoncer\u00a0<strong>L\u00c9GENDES<\/strong>, pr\u00e9sent\u00e9e par RBC \u2014 une s\u00e9rie d\u2019\u00e9v\u00e9nements d\u2019intronisation rendant hommage \u00e0 neuf auteurs-compositeurs l\u00e9gendaires dont la musique a contribu\u00e9 \u00e0 d\u00e9finir le paysage culturel canadien et \u00e0 fa\u00e7onner l\u2019univers sonore international depuis des g\u00e9n\u00e9rations.\u00a0<strong>Les c\u00e9l\u00e9brations de cette ann\u00e9e se tiendront \u00e0 Toronto le 17 octobre au Meridian Arts Centre et \u00e0 Montr\u00e9al le 17 novembre \u00e0 L\u2019Espace St-Denis.<\/strong><\/p>\n<p>Les intronis\u00e9s de cette ann\u00e9e \u2014<strong>\u00a0Andy Kim<\/strong>,\u00a0<strong>Ian Thomas<\/strong>,\u00a0<strong>Triumph<\/strong>,\u00a0<strong>Jane Siberry<\/strong>,\u00a0<strong>Gino Vannelli, Michel Pagliaro, Fran\u00e7ois Cousineau, Kate &#038; Anna McGarrigle<\/strong>\u00a0et<strong>\u00a0Florent Vollant\u00a0<\/strong>\u2014 repr\u00e9sentent un vaste \u00e9ventail de l\u2019histoire musicale canadienne, allant des succ\u00e8s commerciaux aux traditions folk, en passant par les hymnes rock et les voix marquantes des sc\u00e8nes francophone et autochtone. Bien que leurs styles et langues varient, ils partagent un legs commun de cr\u00e9ativit\u00e9, de contribution culturelle et de narration marquante, bien au-del\u00e0 de la sc\u00e8ne. Ensemble, ils incarnent la richesse, la diversit\u00e9 et l\u2019impact durable de la chanson canadienne.<\/p>\n<p>\u00ab\u00a0<em>Les l\u00e9gendes de cette ann\u00e9e incarnent les valeurs fondamentales de l\u2019\u00e9criture canadienne : le courage artistique, l\u2019impact culturel et une narration qui transcende les genres et les langues<\/em>, \u00bb d\u00e9clare\u00a0<strong>Nick Fedor, directeur g\u00e9n\u00e9ral du Panth\u00e9on<\/strong>. \u00ab\u00a0<em>La S\u00e9rie L\u00e9gendes est bien plus qu\u2019un gala : c\u2019est une sc\u00e8ne nationale pour c\u00e9l\u00e9brer l\u2019h\u00e9ritage, inspirer la rel\u00e8ve et mettre en lumi\u00e8re le r\u00f4le fondamental des auteurs-compositeurs dans notre identit\u00e9 culturelle<\/em>\u00a0\u00bb<\/p>\n<p>Apr\u00e8s la c\u00e9l\u00e9bration \u00e0 Montreal et Toronto, les intronis\u00e9s 2025 seront honor\u00e9s \u00e0 jamais dans l\u2019emplacement permanent du PACC au\u00a0<a id=\"OWA968e7b8c-62b1-51b0-01d0-996ee5e1f4d7\" title=\"https:\/\/www.studiobell.ca\/\" href=\"https:\/\/www.studiobell.ca\/\" target=\"_blank\" rel=\"noopener noreferrer\" data-auth=\"NotApplicable\" data-linkindex=\"0\">Studio Bell<\/a>, si\u00e8ge du Centre national de musique de Calgary, qui pr\u00e9sente des artefacts exclusifs et des souvenirs uniques c\u00e9l\u00e9brant les plus grands artistes auteurs-compositeurs et intronis\u00e9s au Canada.<\/p>\n<p>De retour cet automne pour une deuxi\u00e8me \u00e9dition,\u00a0<strong>L\u00e9gendes<\/strong>\u00a0c\u00e9l\u00e8bre les auteurs-compositeurs, chansons et artistes qui ont marqu\u00e9 les g\u00e9n\u00e9rations avec une s\u00e9rie d\u2019intronisations soutenue par RBC. Ces \u00e9v\u00e9nements, intimes et exclusifs, souligneront une fois de plus l\u2019h\u00e9ritage musical du Canada dans deux villes phares de la musique<strong>.<\/strong><\/p>\n<p>Chaque soir\u00e9e mettra en vedette des hommages musicaux, des performances musicales d\u2019invit\u00e9s sp\u00e9ciaux, et soulignera le\u00a0<strong>Prix D\u00e9couverte en \u00e9criture de chansons\u00a0<\/strong>\u2014 une initiative visant \u00e0 reconna\u00eetre et amplifier le talent d\u2019auteurs-compositeurs \u00e9mergents au pays. Les nomm\u00e9s de cette ann\u00e9e seront d\u00e9voil\u00e9s prochainement; les \u00e9ditions pr\u00e9c\u00e9dentes ont honor\u00e9\u00a0<strong>Charlotte Cardin, Fredz, Eli Brown, Lou-Adriane Cassidy, Mustafa, Ariane Roy, Lowell, et Les Louanges.<\/strong><\/p>\n<p>Cette ann\u00e9e, le PACC continuera \u00e9galement d\u2019investir dans l\u2019avenir de la musique canadienne gr\u00e2ce \u00e0 des initiatives telles la journ\u00e9e\u00a0<strong>Chanson &#038;<\/strong><strong>\u00a0Composition<\/strong>\u00a0et des classes de ma\u00eetre du Panth\u00e9on pr\u00e9sent\u00e9es par RBC \u2014 toutes con\u00e7ues pour cr\u00e9er des liens entre les diff\u00e9rentes g\u00e9n\u00e9rations de cr\u00e9ateurs musicaux. Se d\u00e9roulant parall\u00e8lement aux \u00e9v\u00e9nements d\u2019intronisation des\u00a0<em>L\u00e9gendes<\/em>, ces programmes proposeront des s\u00e9ances \u00e9ducatives, des panels d\u2019artistes et de rares occasions d\u2019\u00e9changer avec des auteurs-compositeurs iconiques et \u00e9mergents. Les d\u00e9tails complets seront annonc\u00e9s sous peu.<\/p>\n<p>Un merci tout particulier \u00e0 nos commanditaires et partenaires : <strong>RBC, la SOCAN, la CMRRA, peermusic, l\u2019Association des auteurs-compositeurs du Canada (S.A.C), la Lewitt Family Foundation et e=mc\u00b2<\/strong> pour leur soutien pr\u00e9cieux dans la c\u00e9l\u00e9bration et la mise en valeur des auteurs-compositeurs canadiens \u00e0 travers ces programmes et \u00e9v\u00e9nements porteurs de sens.<\/p>\n<p>Les billets pour la c\u00e9r\u00e9monie d&rsquo;intronisation qui aura lieu au Meridian Arts Centre de Toronto le 17 octobre seront mis en vente d\u00e8s aujourd&rsquo;hui \u00e0 10 h HE sur <a href=\"https:\/\/www.ticketmaster.ca\/event\/10006315E5255A35\">Ticketmaster<\/a>. Les billets pour la c\u00e9r\u00e9monie de Montr\u00e9al sont maintenant en vente via <a href=\"https:\/\/urldefense.com\/v3\/__https:\/\/espacestdenis.com\/evenement\/canadian-songwriters\/__;!!HmdeERg!ly6gllrjXVabESlij8uVHPZzTs5aNe3KhURCrPQJWxvuaCJtAnfiXX1s0y0jFa5Jbuy2_gc8tMiwwLAEMoq7$\">Espace St-Denis<\/a>.<\/p>\n<p><strong><u>Intronis\u00e9s \u2013 Legends Toronto (17 octobre)<\/u><\/strong><\/p>\n<p>\u2013\u00a0<strong>Andy Kim<\/strong>\u00a0\u2013 Compositeur de \u00ab Sugar, Sugar \u00bb et \u00ab Rock Me Gently \u00bb, Andy Kim a b\u00e2ti une carri\u00e8re audacieuse et en constante r\u00e9invention, des d\u00e9buts au Brill Building jusqu\u2019au statut d\u2019ic\u00f4ne canadienne.<\/p>\n<p>\u2013\u00a0<strong>Ian Thomas<\/strong>\u00a0\u2013 Artisan de chansons \u00e0 succ\u00e8s comme \u00ab Painted Ladies \u00bb et \u00ab The Runner \u00bb, Thomas a \u00e9crit pour America, Santana et Bette Midler.\u00a0<a href=\"https:\/\/drive.google.com\/drive\/folders\/1uMVVuLgu5ubLvsJoCu2duLNBoGXvOcZr\" target=\"_blank\" rel=\"noopener\">Lien photo (cr\u00e9dit Jos\u00e9 Crespo)<\/a><\/p>\n<p>\u2013\u00a0<strong>Triumph<\/strong>\u00a0\u2013 Ce puissant trio rock de Mississauga a d\u00e9fini le rock des ar\u00e9nas canadiens avec \u00ab Lay It On the Line \u00bb, \u00ab Magic Power \u00bb, \u00ab Fight the Good Fight \u00bb et \u00ab Allied Forces \u00bb, red\u00e9finissant l\u2019exp\u00e9rience de concert.<\/p>\n<p>\u2013\u00a0<strong>Jane Siberry<\/strong>\u00a0\u2013 V\u00e9ritable po\u00e9tesse de la chanson, Siberry d\u00e9fie toute cat\u00e9gorisation depuis plus de 40 ans avec un r\u00e9pertoire mystique et intimiste.\u00a0<a href=\"https:\/\/drive.google.com\/drive\/folders\/1AMeOqCb-bM2gsRSEgiOYDlSsdKNBQIRh\" target=\"_blank\" rel=\"noopener\">Lien photo (cr\u00e9dit Archives Socan)<\/a><\/p>\n<p>\u2013\u00a0<strong>Gino Vannelli<\/strong>\u00a0\u2013 Avec un m\u00e9lange unique de soul, jazz et pop, le montr\u00e9alais Gino Vannelli a acquis une reconnaissance internationale. Ses classiques \u00ab I Just Wanna Stop \u00bb, \u00ab Wheels Of Life \u00bb, \u00ab Living Inside Myself \u00bb,<br \/>\n\u00ab Hurts To Be In Love \u00bb, \u00ab Wild Horses \u00bb et \u00ab Black Cars \u00bb ont fait de lui un auteur-compositeur incomparable.<br \/>\n<a href=\"https:\/\/drive.google.com\/drive\/folders\/1qpZ5jFpHuhAi10HVD4yGrmWsgtLgYBTR?usp=sharing\" target=\"_blank\" rel=\"noopener\">Lien photo (courtoisie Gino Vannelli)<\/a><\/p>\n<p><strong><u>Intronis\u00e9s \u2013 L\u00e9gendes Montr\u00e9al (17 novembre)<\/u><\/strong><\/p>\n<p>\u2013\u00a0<strong>Kate &#038; Anna McGarrigle<\/strong> \u2013 R\u00e9put\u00e9es pour leurs harmonies vocales et leurs chansons intemporelles comme \u00ab Heart Like a Wheel \u00bb, \u00ab Complainte pour Sainte-Catherine \u00bb et \u00ab Talk to Me of Mendocino \u00bb, les soeurs McGarrigle ont fait rayonner le folk qu\u00e9b\u00e9cois \u00e0 l\u2019international.<\/p>\n<p>\u2013\u00a0<strong>Fran\u00e7ois Cousineau<\/strong>\u00a0\u2013 Figure incontournable de la culture qu\u00e9b\u00e9coise, Cousineau a marqu\u00e9 la chanson, le cin\u00e9ma, le th\u00e9\u00e2tre et la t\u00e9l\u00e9vision depuis plus de 50 ans. Il a compos\u00e9 plus de 200 chansons pour diff\u00e9rents artistes dont Diane Dufresne, Robert Charlebois, Ren\u00e9e Claude, C\u00e9line Dion, Georges Dor, Jean-Pierre Ferland, Louise Forestier, Daniel Lavoie, Pierre L\u00e9tourneau, Monique Leyrac, Ginette Reno, Martine Saint-Clair, et Fabienne Thibeault. Il a connu une fructueuse collaboration avec Luc Plamondon en plus de conna\u00eetre une grande carri\u00e8re \u00e0 titre de pianiste, de chef d\u2019orchestre et d\u2019arrangeur.\u00a0<a href=\"https:\/\/drive.google.com\/file\/d\/1cpbqcKduwv-f5JhEPN_R1nf6ay4IZSmr\/view\" target=\"_blank\" rel=\"noopener\">Lien photo (cr\u00e9dit Marie-Claude Meilleur)<\/a><\/p>\n<p><strong>\u2013 Michel Pagliaro<\/strong>\u00a0\u2013 Pionnier incontournable de la sc\u00e8ne musicale, Pag fut le premier artiste canadien \u00e0 figurer simultan\u00e9ment dans les top 40 francophones et anglophones au Canada. Il a marqu\u00e9 des g\u00e9n\u00e9rations avec des chansons comme \u00ab J\u2019entends frapper \u00bb, \u00ab Le temps presse x, \u00ab Les bombes \u00bb , \u00a0\u00ab L\u2019espion \u00bb, \u00ab Rainshower \u00bb ou encore \u00ab What The Hell I\u2019ve Got \u00bb.\u00a0<a href=\"https:\/\/drive.google.com\/drive\/folders\/18MrpfHWwnb2wtn5dyLFodr0REky3Gxy7\" target=\"_blank\" rel=\"noopener\">Lien photo (cr\u00e9dit\u00a0: Stephend)<\/a><\/p>\n<p>\u2013\u00a0<strong>Florent Vollant<\/strong> \u2013 Auteur-compositeur-interpr\u00e8te et musicien innu n\u00e9 au Labrador et grandi \u00e0 Maliotenam, Florent Vollant est une figure embl\u00e9matique de la musique autochtone, il a form\u00e9 le duo folk-rock Kashtin avec Claude McKenzie, qui a \u00e9t\u00e9 le premier groupe autochtone du Qu\u00e9bec \u00e0 conna\u00eetre une renomm\u00e9e internationale. En plus de sa carri\u00e8re avec Kashtin, Vollant a \u00e9galement eu une prolifique carri\u00e8re solo, a contribu\u00e9 \u00e0 de nombreux projets musicaux et a perp\u00e9tu\u00e9 la langue et la culture innue. <a href=\"https:\/\/drive.google.com\/file\/d\/1gI6gR2LvhjXK9c1-bFd32T40QbMsCcR6\/view\" target=\"_blank\" rel=\"noopener\">Lien photo<\/a><\/p>\n<p>&nbsp;<\/p>\n<hr \/>\n<p><b>\u00c0 propos du Panth\u00e9on des auteurs et compositeurs canadiens<\/b><\/p>\n<p><span style=\"font-weight: 400;\">Le Panth\u00e9on des auteurs et compositeurs canadiens (PACC), un organisme national et sans but lucratif qui a pour mission d\u2019honorer et de c\u00e9l\u00e9brer les auteurs et compositeurs canadiens et ceux qui ont consacr\u00e9 leur vie \u00e0 l\u2019h\u00e9ritage de la musique. Le PACC s\u2019emploie \u00e9galement \u00e0 sensibiliser le public \u00e0 ces r\u00e9alisations et \u00e0 encourager la prochaine g\u00e9n\u00e9ration d\u2019auteurs et de compositeurs par le biais d\u2019initiatives et d\u2019\u00e9v\u00e9nements organis\u00e9s tout au long de l\u2019ann\u00e9e. En d\u00e9cembre 2011, la SOCAN (Soci\u00e9t\u00e9 canadienne des auteurs, compositeurs et \u00e9diteurs de musique) a acquis le PACC\u2009; toutefois, le Panth\u00e9on continue d\u2019\u00eatre g\u00e9r\u00e9 comme une organisation distincte et est dirig\u00e9 par son propre Conseil d\u2019administration compos\u00e9 de cr\u00e9ateurs et d\u2019\u00e9diteurs de musique anglophones et francophones, ainsi que de repr\u00e9sentants de l\u2019industrie du disque. Le mandat du PACC s\u2019aligne sur les objectifs de la SOCAN en tant qu\u2019organisation de cr\u00e9ateurs et d\u2019\u00e9diteurs fond\u00e9e sur ses membres. Pour en savoir plus : <\/span><a href=\"http:\/\/www.cshf.ca\/fr\"><span style=\"font-weight: 400;\">www.cshf.ca\/<\/span><\/a><\/p>\n<p><b><\/b><b>Contact m\u00e9dia :<\/b><b><br \/>\n<\/b><span style=\"font-weight: 400;\">Simon Fauteux, sixmedia<\/span><span style=\"font-weight: 400;\"><br \/>\n<\/span><\/p>\n<p>simon@sixmedia.ca<\/p>\n","protected":false},"excerpt":{"rendered":"<p>Intronis\u00e9s 2025 \/ Toronto\u00a0:\u00a0Andy Kim, Ian Thomas, Triumph, Jane Siberry et Gino Vannelli Intronis\u00e9s 2025 \/ Montr\u00e9al\u00a0:\u00a0Kate &#038; Anna McGarrigle, Fran\u00e7ois Cousineau, Michel Pagliaro et Florent Vollant Legends Toronto 17 octobre \/ 20h00 Lyric Theatre, Meridian Arts Centre 5040 Yonge Street L\u00e9gendes Montr\u00e9al 17 novembre \/ 20h00 Studio Cabaret, Espace St-Denis 1594 Saint-Denis Montr\u00e9al, 26 [&hellip;]<\/p>\n","protected":false},"author":11,"featured_media":7793,"comment_status":"open","ping_status":"open","sticky":false,"template":"","format":"standard","meta":{"_acf_changed":false,"inline_featured_image":false,"footnotes":""},"categories":[1],"tags":[],"class_list":["post-7789","post","type-post","status-publish","format-standard","has-post-thumbnail","hentry","category-media-releases"],"acf":[],"_links":{"self":[{"href":"https:\/\/www.cshf.ca\/fr\/wp-json\/wp\/v2\/posts\/7789","targetHints":{"allow":["GET"]}}],"collection":[{"href":"https:\/\/www.cshf.ca\/fr\/wp-json\/wp\/v2\/posts"}],"about":[{"href":"https:\/\/www.cshf.ca\/fr\/wp-json\/wp\/v2\/types\/post"}],"author":[{"embeddable":true,"href":"https:\/\/www.cshf.ca\/fr\/wp-json\/wp\/v2\/users\/11"}],"replies":[{"embeddable":true,"href":"https:\/\/www.cshf.ca\/fr\/wp-json\/wp\/v2\/comments?post=7789"}],"version-history":[{"count":0,"href":"https:\/\/www.cshf.ca\/fr\/wp-json\/wp\/v2\/posts\/7789\/revisions"}],"wp:featuredmedia":[{"embeddable":true,"href":"https:\/\/www.cshf.ca\/fr\/wp-json\/wp\/v2\/media\/7793"}],"wp:attachment":[{"href":"https:\/\/www.cshf.ca\/fr\/wp-json\/wp\/v2\/media?parent=7789"}],"wp:term":[{"taxonomy":"category","embeddable":true,"href":"https:\/\/www.cshf.ca\/fr\/wp-json\/wp\/v2\/categories?post=7789"},{"taxonomy":"post_tag","embeddable":true,"href":"https:\/\/www.cshf.ca\/fr\/wp-json\/wp\/v2\/tags?post=7789"}],"curies":[{"name":"wp","href":"https:\/\/api.w.org\/{rel}","templated":true}]}}